{"id":120,"date":"2023-07-13T16:32:01","date_gmt":"2023-07-13T16:32:01","guid":{"rendered":"https:\/\/localhost\/wordpress\/?p=120"},"modified":"2024-06-30T20:42:12","modified_gmt":"2024-06-30T20:42:12","slug":"xiii-noorte-tantsupidu-sillad","status":"publish","type":"post","link":"https:\/\/tantsumajakas.ee\/?p=120","title":{"rendered":"XIII noorte tantsupidu \u201eSillad\u201d"},"content":{"rendered":"\n<div class=\"wp-block-group has-global-padding is-layout-constrained wp-block-group-is-layout-constrained\">\n<p>Teekond XIII noorte tantsupeole \u201eSillad\u201d algas juba nii ammu tagasi, et ei m\u00e4letagi t\u00e4pselt, millal see \u201eTerep\u00e4ev\u201d&nbsp;Haapsalus \u00f5ieti oligi, aga kui veidi oma arhiivis sorida, siis oli see 2021. aasta septembris. Koroonapuhang maailmas oli segi l\u00f6\u00f6nud plaanid ja noorte pidu aastav\u00f5rra edasi l\u00fckatud ehk algselt 2022. aasta suvel toimuma pidanud pidu l\u00fckati aastasse 2023. Siit alates algasid ettevalmistused peo jaoks ka \u00f5petajatel, sest r\u00fchmad tuli registreerida andmebaasi ja siis repertuaariseminaridel k\u00e4ia. Tiina Tantsistuudiost sai peo karussellile registreeritud 7 koosseisu v\u00f5imlejaid, kelledest 2 komplekti oli v\u00e4ikesed v\u00f5imlejad ja 6 suuri v\u00f5imlejaid. Viimased jaotusid omakorda veel nooremaks ja vanemaks suureks v\u00f5imlejaks. Kokku hakkas peoks valmistuma 56 suurt ja v\u00e4ikest v\u00f5imlejat. Esimesed tutvumised akrobaatiliste elementide ja vahenditega tegid t\u00fcdrukud juba eelmise hooaja kevadel.<\/p>\n\n\n\n<p>S\u00fcgisel algas usin kavade \u00f5ppimine, seej\u00e4rel puhastamine ja viimase lihvi andmine, kuni 22. m\u00e4rtsil tuli komisjonile oma t\u00f6\u00f6 ette n\u00e4idata. Meil oli p\u00f5hjust r\u00f5\u00f5mustada k\u00fcllaga, kuna peole p\u00e4\u00e4su lunastas tublide hinnetega suisa 6 koosseisu v\u00f5imlejaid. Nii palju pole Tt-stuudiost varem kordagi r\u00fchmasid tantsumurul samme seadnud. Kuid ega siis veel puhkama saanud j\u00e4\u00e4da. Vaja oli sisse viia liigijuhi, Kadri Jukk`i poolt saadetud muudatused ja parandused, et Tallinnas suurel v\u00e4ljakul kergem oleks. Nii tegimegi trenne kuni peole s\u00f5iduni.<\/p>\n\n\n\n<p>V\u00e4ike v\u00f5imleja startis 27. juuni varahommikuse praamiga pealinna poole. \u00d6\u00f6bisime Pae g\u00fcmnaasiumis, kus saime ennast sisse seada, varajast l\u00f5unat s\u00fc\u00fca, et siis juba linnatranspordiga Maarjam\u00e4ele FC Levadia staadionile liikuma hakata. Kui v\u00e4ikesed v\u00f5imlejad juba usinalt harjutasid ja oma m\u00e4rke otsisid, j\u00f5udsid linna ka suured v\u00f5imeljad, kes peagi noorematega harjutusv\u00e4ljakul \u00fchinesid.<\/p>\n\n\n\n<p>Kolm esimest p\u00e4eva m\u00f6\u00f6dusidki erinevate tantsuv\u00e4ljakute vahel liikudes, harjutades oma t\u00e4ppe leidma ning samas lihviti \u00fchtlasemaks koreograafiat ja viidi sisse vajalikke muudatusi, et etendus ikka publikule visuaalselt ilusama ja v\u00f5imsama elamuse pakuks. Meeletu kuumus, mis staadionitel valitses, hakkas peagi l\u00f5ivu n\u00f5udma. Palju oli neid, kes arstiabi vajasid. Neljap\u00e4eva \u00f5htul, kui k\u00e4imas oli suur montaa\u017e ja peale mitut pikka seisakut, kuna staadionil vajati j\u00e4rjest abi, v\u00f5ttis lavastusgrupp vastu raske otsuse ning proov l\u00f5petati tund aega varem. K\u00f5ik selle nimel, et lapsed\/noored saaks taastuma minna. Hilis\u00f5htul tuli vee lisaotsus, et ka hommikune l\u00e4bim\u00e4ng j\u00e4\u00e4b suuremale osale \u00e4ra, et etendused ikka toimuda saaks. Ennel\u00f5unasest proovist suur v\u00f5imleja siiski ei p\u00e4\u00e4senud, sest \u00fcht-teist olulist oli veel lavastamata.<\/p>\n\n\n\n<p>Reede, 30. juuli j\u00f5udis k\u00e4tte kaua oodatud esimeste etenduste p\u00e4ev, mil sai \u00fclevate emotsioonidega tasutud k\u00f5ik need kolm rasket trennip\u00e4eva. Staadion oli pealtvaatajatest tulvil nii peaproov-etendusel kui I etendusel. Tantsijate-v\u00f5imlejate emotsioonid \u00fclevad, mida v\u00f5imendasid veel pealtvaatajate pikad aplausid. \u00d5htul, kui l\u00f5puks \u201ekoju\u201d j\u00f5udsime, olid k\u00f5ik v\u00e4sinud, kui magama ei soovinud keegi j\u00e4\u00e4da, sest positiivseid muljeid oli nii palju.<\/p>\n\n\n\n<p>Laup\u00e4ev, 1. juuli hommik oli veidi vihmane ja v\u00e4ga tuuline, kuid kui meie peoks valmistuma hakkasime, s\u00e4ras p\u00e4ike juba r\u00f5\u00f5msalt. Etendused l\u00e4ksid taas t\u00e4ismajale ja peale viimast etendust, kui oma r\u00fchmade juurde j\u00f5udsin, oli neid tabanud \u00fcks suur ja \u00fclevoolav emotsioonide tulv, mis pisaratena v\u00e4lja purskusid: r\u00f5\u00f5m tehtu \u00fcle ja kurbus, et l\u00e4bi sai l\u00e4bisegi. Oli s\u00fcdantsoojendav n\u00e4ha, et t\u00fcdrukutele see nii palju t\u00e4hendas. Tundsin veidi, et olen suutnud nendele edasi anda midagi, mida ise k\u00f5rgelt hindan ja armastan, meie oma tantsupeo kultuuri ja hinge. Olen uhke oma t\u00fcdrukute \u00fcle. Pikk ja k\u00f5igile v\u00e4ljakutseid pakkuv teekond oli l\u00f5pule j\u00f5udnud. T\u00fcdrukud olid \u00e4\u00e4retult tublid. Proovides asjalikud, kaasat\u00f6\u00f6tavad ja kohusetundlikud. Kodut\u00f6\u00f6 oli meil h\u00e4sti tehtud ja kavad selged ning kuidas t\u00e4ppisel liikuda ka enam-v\u00e4hem teada. Kui esimene p\u00e4ev v\u00f5is kuulda veidi nurinat v\u00e4simuse \u00fcle ja et miks me seda ja teist peame tegema (olgu \u00f6eldud, et 5 r\u00fchma 6-st olid peol esimest korda) ja \u00fcksk\u00f5ik kui h\u00e4sti ja p\u00f5hjalikult mina neid ettevalmistada p\u00fc\u00fcdsin selles osas, mis neid ees ootab, siis ega ikka s\u00f5nadega p\u00e4ris h\u00e4sti seda edasi ei anna. Reaalsus j\u00f5uab kohale platsil ja teiseks p\u00e4evaks olid k\u00f5ik aru saanud, kuhu nad sattunud olis. Oli v\u00e4simust, aga mitte nurinat. Muidugi oli noorematel \u00f5htuti ka koduigatsust. Meie k\u00f5ige v\u00e4iksemad olid ju k\u00f5igest kolmanda klassi t\u00fcdrukud, kuid iga\u00fcks sai igatsuse peletamiseks\/leevenduseks kalli just sellelt, kes tema jaoks oma emme sooja kallistust k\u00f5ige paremini asendas, oli see siis \u00f5petaja, suurem tantsu-\u00f5de v\u00f5i abi-emme. Muidugi tuli pika n\u00e4dala jooksul ette ka m\u00f5ni v\u00e4ike viperus, tervisemure ja tusatuju nagu igas peres ikka, aga k\u00f5ik sai lahendatud ja p\u00fchap\u00e4eval, 2. juulil marssisid k\u00f5ik vapralt, uhkelt ja naerulsui rongk\u00e4igus Lauluv\u00e4ljaku poole, et panna punkt sellele toredale teekonnale. Kui kohale j\u00f5udsime, kostus pigem h\u00fc\u00fcatusi, et nii l\u00fchike oligi, kui et olen nii v\u00e4sinud. Siinkohal hakkas tantsupeolise jaoks ka n\u00e4dal l\u00f5ppema. S\u00f5ime k\u00f5hud lauluv\u00e4ljakul t\u00e4is, l\u00e4ksime oma kodukooli, pakkisime elamise kokku ja juba oligi aeg asjad bussi t\u00f5sta ning alustada s\u00f5itu kodu poole. Koduteed ei alustanud siiski veel k\u00f5ik meie v\u00f5imlejad, sest suisa 21 t\u00fcdrukut stuudio ridadest j\u00e4tkasid oma peon\u00e4dalat laulukaare all, kuna lisaks tantsimisele tegelevad nemad ka laulmisega.<\/p>\n\n\n\n<p>Kui palusin t\u00fcdrukutelt paari lausega kirja panna oma emotsioonid, siis sain vastuseks siirad s\u00f5nad\u2026<\/p>\n\n\n\n<p>Natuke v\u00e4sitav, tore, naljakas (Helga, 11.a)<\/p>\n\n\n\n<p>Proovid olid rasked, aga esinemine tore (Martha Maria, 11.a)<\/p>\n\n\n\n<p>Minul oli v\u00e4ga l\u00f5bus ja tore. Ja see oli vist suve parim asi (Rosabel, 10.a)<\/p>\n\n\n\n<p>Minul oli v\u00e4ga tore, aga proovid olid natuke v\u00e4sitavad. Esinemine oli v\u00e4ga v\u00e4ga tore (Ronja, 10.a)<\/p>\n\n\n\n<p>Natuke v\u00e4sitav, aga muidu oli v\u00e4ga v\u00e4ga l\u00f5bus (Heleen, 10.a)<\/p>\n\n\n\n<p>V\u00e4sitav (Laura, 11.a))<\/p>\n\n\n\n<p>V\u00e4ga tore oli, aga v\u00e4sitav (Kirke, 11.a)<\/p>\n\n\n\n<p>\u2026 kuid kui k\u00fcsisin, et kas tahaksid veel minna, siis oli \u201ejah\u201d vastus kiire tulema enamustel t\u00fcdrukutel.<\/p>\n\n\n\n<p class=\"has-contrast-color has-text-color has-link-color wp-elements-36c20dd19e1c762fbf089a6ad0c56dc2\">Lisethe (14.a) \u00fctleb: \u201eMulle v\u00e4ga meeldis, kuigi trennid olid v\u00e4sitavad oli l\u00f5pus see seda v\u00e4\u00e4rt, kui platsil esinesime. J\u00e4\u00e4n seda tunnet ja inimesi v\u00e4ga igatsema.\u201d<\/p>\n\n\n\n<p class=\"has-contrast-color has-text-color has-link-color wp-elements-a3337fbaa89ad0a7b3bd9d439d4a9f8e\">Agnes Katariina&nbsp;(19.a) kirjutab j\u00e4rgnevalt: \u201eMa olen varem juba kahel tantsupeol k\u00e4inud, aga ikka sain uue, v\u00e4ga \u00e4geda ja erilise kogemuse. T\u00e4navune tantsupidu j\u00e4\u00e4b kindlasti meelde. Ma ei m\u00e4leta \u00fchestki varasemast korrast, et platsil oleks nii massiliselt arstiabi vajatud. Proovip\u00e4evad olid t\u00f5esti kuumad, p\u00e4ike oli kuidagi v\u00e4ga k\u00f5rvetav. \u00d5nneks ei pidanud me vihma k\u00e4es ja pori sees tantsima. Varasemate kordadega v\u00f5rreldes tundus, et proove oli v\u00e4hem ja l\u00fchemalt. K\u00f5ige eredamalt j\u00e4\u00e4b meelde viimane etendus, \u00f5igemini selle l\u00f5pp. Juba meie teise tantsu ajal p\u00fc\u00fcdsin mitte nutma hakata, aga peale oma \u00f5petajale lillede viimist pisarad muudkui voolasid terve v\u00e4ljamarsi aja ega tahtnud kuidagi otsa l\u00f5ppeda. XIII noorte tantsupidu \u201cSillad\u201d l\u00e4ks mulle t\u00f5eliselt s\u00fcdamesse.\u201d<\/p>\n\n\n\n<p class=\"has-contrast-color has-text-color has-link-color wp-elements-516fa5ec3790201588c2f3e722076c66\">Allakirjutanu T\u00e4nu ja Kummardus kuulub k\u00f5igile Teile, kes Te selle teekonna v\u00f5imalikuks tegite ja kellega koos seda teed astusime\u2026<\/p>\n\n\n\n<p class=\"has-contrast-color has-text-color has-link-color wp-elements-5dee71d3c393ed72221d64c9361cb066\">Ait\u00e4h mu armas v\u00e4ike ja suur v\u00f5imleja, et tegid selle k\u00f5ik v\u00f5imalikuks. Tean, et see polnud teps mitte kerge ja n\u00f5udis k\u00f5igilt v\u00e4ga palju!<\/p>\n\n\n\n<p class=\"has-contrast-color has-text-color has-link-color wp-elements-b31d2633f418b142d0351f67daa442bd\">Ait\u00e4h kallid asendus &#8220;emmed&#8221; Piret Pajo, Maris N\u00f5mmik-K\u00e4rtner, Kristel Vanjuk, Karin Vals ja Liina Sahtel kes\u00a0te pakkusite t\u00fcdrukutele sooja kallistust v\u00f5i hoolivat manitsust kui vaja!<\/p>\n\n\n\n<p class=\"has-contrast-color has-text-color has-link-color wp-elements-9211bc8b1d9436a5742e0ef1fa3a2acb\">Ait\u00e4h head lapsevanemad, et usaldasite ja lubasite anda lastele \u00fche unustamatu kogemuse!<\/p>\n\n\n\n<p class=\"has-contrast-color has-text-color has-link-color wp-elements-0a186bbe258948fdc72095761276b3e5\">Ait\u00e4h meie turvaline staap, kes k\u00f5iki meid joonel hoidis:&nbsp;Arno Kuusk,&nbsp;Helle-Mare K\u00f5mmus, Tiina Mikk,&nbsp;Riina Hanikat,&nbsp;Aadi Kaasik,&nbsp;Andres Niglas!<\/p>\n\n\n\n<p class=\"has-contrast-color has-text-color has-link-color wp-elements-50214f3fbbb9a77886eadeef23af8414\">Ait\u00e4h hea&nbsp;K\u00e4rdla Kultuurikeskus&nbsp;`e pere,&nbsp;Aivi Telvik&nbsp;ja&nbsp;Kristiina Vessar&nbsp;et hoiate meid ja pakute sooja tantsukodu ning olete igal ajal toetavana meie seljataga!<\/p>\n\n\n\n<p class=\"has-contrast-color has-text-color has-link-color wp-elements-9865aca01f2436efcc1fd1d30a8136d5\">Ait\u00e4h Hiiumaa Kultuurkapitali Ekspertgrupp ja&nbsp;Hiiumaa vald, et toetasite meie teekonda XIII noorte tantsupeole &#8220;Sillad&#8221;!<\/p>\n<\/div>\n\n\n\n<p class=\"has-text-align-left has-contrast-color has-text-color has-link-color has-medium-font-size wp-elements-48a630b941ac7b04ff69f7a5f0ba9c3d\"><\/p>\n\n\n\n<p class=\"has-primary-color has-text-color has-link-color wp-elements-32eeb9bd03a58a7f5a31027ec9f4a1ae\"><a href=\"https:\/\/www.facebook.com\/media\/set\/?set=a.773888227865607&amp;type=3\" data-type=\"link\" data-id=\"https:\/\/www.facebook.com\/media\/set\/?set=a.773888227865607&amp;type=3\">Vaata pilte Siit!<\/a><\/p>\n","protected":false},"excerpt":{"rendered":"<p>Teekond XIII noorte tantsupeole \u201eSillad\u201d algas juba nii ammu tagasi, et ei m\u00e4letagi t\u00e4pselt, millal see \u201eTerep\u00e4ev\u201d&nbsp;Haapsalus \u00f5ieti oligi, aga kui veidi oma arhiivis sorida, siis oli see 2021. aasta septembris. Koroonapuhang maailmas oli segi l\u00f6\u00f6nud plaanid ja noorte pidu aastav\u00f5rra edasi l\u00fckatud ehk algselt 2022. aasta suvel toimuma pidanud pidu l\u00fckati aastasse 2023. Siit [&hellip;]<\/p>\n","protected":false},"author":1,"featured_media":0,"comment_status":"open","ping_status":"open","sticky":false,"template":"","format":"standard","meta":{"footnotes":""},"categories":[4],"tags":[],"class_list":["post-120","post","type-post","status-publish","format-standard","hentry","category-uudised"],"_links":{"self":[{"href":"https:\/\/tantsumajakas.ee\/index.php?rest_route=\/wp\/v2\/posts\/120","targetHints":{"allow":["GET"]}}],"collection":[{"href":"https:\/\/tantsumajakas.ee\/index.php?rest_route=\/wp\/v2\/posts"}],"about":[{"href":"https:\/\/tantsumajakas.ee\/index.php?rest_route=\/wp\/v2\/types\/post"}],"author":[{"embeddable":true,"href":"https:\/\/tantsumajakas.ee\/index.php?rest_route=\/wp\/v2\/users\/1"}],"replies":[{"embeddable":true,"href":"https:\/\/tantsumajakas.ee\/index.php?rest_route=%2Fwp%2Fv2%2Fcomments&post=120"}],"version-history":[{"count":4,"href":"https:\/\/tantsumajakas.ee\/index.php?rest_route=\/wp\/v2\/posts\/120\/revisions"}],"predecessor-version":[{"id":232,"href":"https:\/\/tantsumajakas.ee\/index.php?rest_route=\/wp\/v2\/posts\/120\/revisions\/232"}],"wp:attachment":[{"href":"https:\/\/tantsumajakas.ee\/index.php?rest_route=%2Fwp%2Fv2%2Fmedia&parent=120"}],"wp:term":[{"taxonomy":"category","embeddable":true,"href":"https:\/\/tantsumajakas.ee\/index.php?rest_route=%2Fwp%2Fv2%2Fcategories&post=120"},{"taxonomy":"post_tag","embeddable":true,"href":"https:\/\/tantsumajakas.ee\/index.php?rest_route=%2Fwp%2Fv2%2Ftags&post=120"}],"curies":[{"name":"wp","href":"https:\/\/api.w.org\/{rel}","templated":true}]}}